{"id":76,"date":"2023-06-16T13:51:15","date_gmt":"2023-06-16T11:51:15","guid":{"rendered":"https:\/\/www.ccradio.es\/portal\/?p=76"},"modified":"2023-06-16T13:51:17","modified_gmt":"2023-06-16T11:51:17","slug":"resistiendo-contra-viento-y-marea","status":"publish","type":"post","link":"https:\/\/www.ccradio.es\/portal\/index.php\/2023\/06\/16\/resistiendo-contra-viento-y-marea\/","title":{"rendered":"Resistiendo contra viento y marea"},"content":{"rendered":"\n<p>Las primeras versiones de la web de CCRadio son del a\u00f1o 2008 segun los registros del Wayback Machine. De aquella a\u00fan era a\u00fan un subdominio de nuestra asociaci\u00f3n de Linux \u00abGALITE\u00bb:<\/p>\n\n\n\n<figure class=\"wp-block-image size-large\"><img loading=\"lazy\" width=\"1024\" height=\"307\" src=\"https:\/\/www.ccradio.es\/portal\/wp-content\/uploads\/2023\/06\/image-1024x307.png\" alt=\"\" class=\"wp-image-77\" srcset=\"https:\/\/www.ccradio.es\/portal\/wp-content\/uploads\/2023\/06\/image-1024x307.png 1024w, https:\/\/www.ccradio.es\/portal\/wp-content\/uploads\/2023\/06\/image-300x90.png 300w, https:\/\/www.ccradio.es\/portal\/wp-content\/uploads\/2023\/06\/image-768x231.png 768w, https:\/\/www.ccradio.es\/portal\/wp-content\/uploads\/2023\/06\/image.png 1286w\" sizes=\"(max-width: 1024px) 100vw, 1024px\" \/><\/figure>\n\n\n\n<p>Despu\u00e9s de forma ininterrumpida hemos dado el servicio con diferentes problemas, cambios, cortes y pero con una trayectoria en la que no hemos dejado morir nuestro proyecto.<\/p>\n\n\n\n<figure class=\"wp-block-image size-large\"><img loading=\"lazy\" width=\"1024\" height=\"293\" src=\"https:\/\/www.ccradio.es\/portal\/wp-content\/uploads\/2023\/06\/image-1-1024x293.png\" alt=\"\" class=\"wp-image-78\" srcset=\"https:\/\/www.ccradio.es\/portal\/wp-content\/uploads\/2023\/06\/image-1-1024x293.png 1024w, https:\/\/www.ccradio.es\/portal\/wp-content\/uploads\/2023\/06\/image-1-300x86.png 300w, https:\/\/www.ccradio.es\/portal\/wp-content\/uploads\/2023\/06\/image-1-768x220.png 768w, https:\/\/www.ccradio.es\/portal\/wp-content\/uploads\/2023\/06\/image-1.png 1328w\" sizes=\"(max-width: 1024px) 100vw, 1024px\" \/><\/figure>\n\n\n\n<p>No sabemos si podemos considerar un \u00e9xito nuestra trayectoria pero nos ha proporcionado muchas formas de colaborar con otros proyectos y ha sido y sigue siendo un aprendizaje continuo.<\/p>\n\n\n\n<p>En todo caso, solo queremos transmitiros una cosa, seguiremos en el aire. Puede que nos caigamos alguna vez pero nuestra idea es seguir funcionando.<\/p>\n\n\n\n<p>Gracias por seguir confiando en CCRadio.<\/p>\n\n\n\n<p>Saludos.<\/p>\n","protected":false},"excerpt":{"rendered":"<p>Las primeras versiones de la web de CCRadio son del a\u00f1o 2008 segun los registros del Wayback Machine. De aquella&hellip;<\/p>\n","protected":false},"author":1,"featured_media":0,"comment_status":"closed","ping_status":"closed","sticky":false,"template":"","format":"standard","meta":[],"categories":[1],"tags":[],"yoast_head":"<!-- This site is optimized with the Yoast SEO plugin v16.3 - https:\/\/yoast.com\/wordpress\/plugins\/seo\/ -->\n<title>Resistiendo contra viento y marea -<\/title>\n<meta name=\"robots\" content=\"index, follow, max-snippet:-1, max-image-preview:large, max-video-preview:-1\" \/>\n<link rel=\"canonical\" href=\"https:\/\/www.ccradio.es\/portal\/index.php\/2023\/06\/16\/resistiendo-contra-viento-y-marea\/\" \/>\n<meta property=\"og:locale\" content=\"es_ES\" \/>\n<meta property=\"og:type\" content=\"article\" \/>\n<meta property=\"og:title\" content=\"Resistiendo contra viento y marea -\" \/>\n<meta property=\"og:description\" content=\"Las primeras versiones de la web de CCRadio son del a\u00f1o 2008 segun los registros del Wayback Machine. De aquella&hellip;\" \/>\n<meta property=\"og:url\" content=\"https:\/\/www.ccradio.es\/portal\/index.php\/2023\/06\/16\/resistiendo-contra-viento-y-marea\/\" \/>\n<meta property=\"article:published_time\" content=\"2023-06-16T11:51:15+00:00\" \/>\n<meta property=\"article:modified_time\" content=\"2023-06-16T11:51:17+00:00\" \/>\n<meta property=\"og:image\" content=\"https:\/\/www.ccradio.es\/portal\/wp-content\/uploads\/2023\/06\/image-1024x307.png\" \/>\n<meta name=\"twitter:card\" content=\"summary_large_image\" \/>\n<meta name=\"twitter:label1\" content=\"Tiempo de lectura\">\n\t<meta name=\"twitter:data1\" content=\"1 minuto\">\n<script type=\"application\/ld+json\" class=\"yoast-schema-graph\">{\"@context\":\"https:\/\/schema.org\",\"@graph\":[{\"@type\":\"WebSite\",\"@id\":\"https:\/\/www.ccradio.es\/portal\/#website\",\"url\":\"https:\/\/www.ccradio.es\/portal\/\",\"name\":\"\",\"description\":\"La m\\u00fasica que te hace libre\",\"potentialAction\":[{\"@type\":\"SearchAction\",\"target\":\"https:\/\/www.ccradio.es\/portal\/?s={search_term_string}\",\"query-input\":\"required name=search_term_string\"}],\"inLanguage\":\"es\"},{\"@type\":\"ImageObject\",\"@id\":\"https:\/\/www.ccradio.es\/portal\/index.php\/2023\/06\/16\/resistiendo-contra-viento-y-marea\/#primaryimage\",\"inLanguage\":\"es\",\"url\":\"https:\/\/www.ccradio.es\/portal\/wp-content\/uploads\/2023\/06\/image.png\",\"contentUrl\":\"https:\/\/www.ccradio.es\/portal\/wp-content\/uploads\/2023\/06\/image.png\",\"width\":1286,\"height\":386},{\"@type\":\"WebPage\",\"@id\":\"https:\/\/www.ccradio.es\/portal\/index.php\/2023\/06\/16\/resistiendo-contra-viento-y-marea\/#webpage\",\"url\":\"https:\/\/www.ccradio.es\/portal\/index.php\/2023\/06\/16\/resistiendo-contra-viento-y-marea\/\",\"name\":\"Resistiendo contra viento y marea -\",\"isPartOf\":{\"@id\":\"https:\/\/www.ccradio.es\/portal\/#website\"},\"primaryImageOfPage\":{\"@id\":\"https:\/\/www.ccradio.es\/portal\/index.php\/2023\/06\/16\/resistiendo-contra-viento-y-marea\/#primaryimage\"},\"datePublished\":\"2023-06-16T11:51:15+00:00\",\"dateModified\":\"2023-06-16T11:51:17+00:00\",\"author\":{\"@id\":\"https:\/\/www.ccradio.es\/portal\/#\/schema\/person\/b3624624ae2767696170b317d653b6d5\"},\"breadcrumb\":{\"@id\":\"https:\/\/www.ccradio.es\/portal\/index.php\/2023\/06\/16\/resistiendo-contra-viento-y-marea\/#breadcrumb\"},\"inLanguage\":\"es\",\"potentialAction\":[{\"@type\":\"ReadAction\",\"target\":[\"https:\/\/www.ccradio.es\/portal\/index.php\/2023\/06\/16\/resistiendo-contra-viento-y-marea\/\"]}]},{\"@type\":\"BreadcrumbList\",\"@id\":\"https:\/\/www.ccradio.es\/portal\/index.php\/2023\/06\/16\/resistiendo-contra-viento-y-marea\/#breadcrumb\",\"itemListElement\":[{\"@type\":\"ListItem\",\"position\":1,\"item\":{\"@type\":\"WebPage\",\"@id\":\"https:\/\/www.ccradio.es\/portal\/\",\"url\":\"https:\/\/www.ccradio.es\/portal\/\",\"name\":\"Portada\"}},{\"@type\":\"ListItem\",\"position\":2,\"item\":{\"@id\":\"https:\/\/www.ccradio.es\/portal\/index.php\/2023\/06\/16\/resistiendo-contra-viento-y-marea\/#webpage\"}}]},{\"@type\":\"Person\",\"@id\":\"https:\/\/www.ccradio.es\/portal\/#\/schema\/person\/b3624624ae2767696170b317d653b6d5\",\"name\":\"admin\",\"image\":{\"@type\":\"ImageObject\",\"@id\":\"https:\/\/www.ccradio.es\/portal\/#personlogo\",\"inLanguage\":\"es\",\"url\":\"https:\/\/secure.gravatar.com\/avatar\/45a6e586790dd95fe7038aa105c1fdc1?s=96&d=mm&r=g\",\"contentUrl\":\"https:\/\/secure.gravatar.com\/avatar\/45a6e586790dd95fe7038aa105c1fdc1?s=96&d=mm&r=g\",\"caption\":\"admin\"},\"sameAs\":[\"https:\/\/www.ccradio.es\/portal\"],\"url\":\"https:\/\/www.ccradio.es\/portal\/index.php\/author\/admin\/\"}]}<\/script>\n<!-- \/ Yoast SEO plugin. -->","_links":{"self":[{"href":"https:\/\/www.ccradio.es\/portal\/index.php\/wp-json\/wp\/v2\/posts\/76"}],"collection":[{"href":"https:\/\/www.ccradio.es\/portal\/index.php\/wp-json\/wp\/v2\/posts"}],"about":[{"href":"https:\/\/www.ccradio.es\/portal\/index.php\/wp-json\/wp\/v2\/types\/post"}],"author":[{"embeddable":true,"href":"https:\/\/www.ccradio.es\/portal\/index.php\/wp-json\/wp\/v2\/users\/1"}],"replies":[{"embeddable":true,"href":"https:\/\/www.ccradio.es\/portal\/index.php\/wp-json\/wp\/v2\/comments?post=76"}],"version-history":[{"count":1,"href":"https:\/\/www.ccradio.es\/portal\/index.php\/wp-json\/wp\/v2\/posts\/76\/revisions"}],"predecessor-version":[{"id":79,"href":"https:\/\/www.ccradio.es\/portal\/index.php\/wp-json\/wp\/v2\/posts\/76\/revisions\/79"}],"wp:attachment":[{"href":"https:\/\/www.ccradio.es\/portal\/index.php\/wp-json\/wp\/v2\/media?parent=76"}],"wp:term":[{"taxonomy":"category","embeddable":true,"href":"https:\/\/www.ccradio.es\/portal\/index.php\/wp-json\/wp\/v2\/categories?post=76"},{"taxonomy":"post_tag","embeddable":true,"href":"https:\/\/www.ccradio.es\/portal\/index.php\/wp-json\/wp\/v2\/tags?post=76"}],"curies":[{"name":"wp","href":"https:\/\/api.w.org\/{rel}","templated":true}]}}